{"id":3670,"date":"2020-07-07T10:27:04","date_gmt":"2020-07-07T10:27:04","guid":{"rendered":"https:\/\/editura-doinacornea.ro\/?p=3670"},"modified":"2020-07-08T07:05:27","modified_gmt":"2020-07-08T07:05:27","slug":"metafora-realitatii-vs-realitatea-metaforei-haideti-s-o-meritam-pe-doina-cornea","status":"publish","type":"post","link":"https:\/\/editura-doinacornea.ro\/index.php\/2020\/07\/07\/metafora-realitatii-vs-realitatea-metaforei-haideti-s-o-meritam-pe-doina-cornea\/","title":{"rendered":"Metafora realit\u0103\u021bii vs. Realitatea metaforei &#8211; haide\u021bi s-o merit\u0103m pe Doina Cornea &#8211; Dorin Tudoran"},"content":{"rendered":"<!--themify_builder_content-->\n<div id=\"themify_builder_content-3670\" data-postid=\"3670\" class=\"themify_builder_content themify_builder_content-3670 themify_builder tf_clear\">\n    <\/div>\n<!--\/themify_builder_content-->\n\n\n<p>Washington, 4 iulie 2020<\/p>\n\n\n\n<p>Sosit\u0103 la Bucure\u0219ti imediat dup\u0103 instalarea primului guvern postceau\u0219ist, la \u00eentrebarea <em>\u201cCe crede\u021bi c\u0103 trebuie s\u0103 fac\u0103 noul guvern pentru a reu\u0219i, acum, c\u00e2nd \u00een Rom\u00e2nia s-a instaurat libertatea?\u201d,<\/em> o redactoare a postului de radio <em>Vocea Americii<\/em> primea un r\u0103spuns scurt \u0219i cuprinz\u0103tor din partea unuia din membrii proasp\u0103tului Executiv: <em>\u201cDoamn\u0103 drag\u0103, tot ce trebuie s\u0103 facem este s\u0103 proced\u0103m pe dos dec\u00e2t au f\u0103cut-o comuni\u0219tii.\u201d<\/em><\/p>\n\n\n\n<p>Re\u00eentoars\u0103 la Washington, colega mea m-a \u00eentrebat ce cred \u201cdespre metafora folosit\u0103 de ministrul rom\u00e2n\u201d. I-am r\u0103spuns c\u0103, \u0219tiind umorul fin cu care este \u00eenzestrat noul VIP, credeam c\u0103 era vorba, mai degrab\u0103, de o butad\u0103 dec\u00e2t de o metafor\u0103. \u00cei \u00eemp\u0103rt\u0103\u0219eam colegei mele \u0219i temerea c\u0103 mul\u021bi dintre colegii de Cabinet ai noului ministru \u2013 \u0219i nu doar ei \u2013 vor lua <em>ad litteram<\/em> declara\u021bia cupricina. \u0218i unii au luat-o, sper\u00e2nd c\u0103 dac\u0103 e\u0219ti liber \u0219i faci totul pe dos ca \u00eenainte, succesul nu are cum s\u0103 te ocoleasc\u0103. Ce nu i-a ocolit a fost insuccesul.<\/p>\n\n\n\n<p>S-au pierdut mul\u021bi ani p\u00e2n\u0103 a \u00eenceput s\u0103 fie \u00een\u021beles un lucru, altfel foarte simplu, acela c\u0103 <em>metafora realit\u0103\u021bii vs. realitatea metaforei<\/em> nu este un simplu joc de cuvinte, c\u0103 \u00eentre cele dou\u0103 elemente ale amuzantului, bl\u00e2ndului antagonism exist\u0103 multiple canale subterane care pot func\u021biona, nu o data, pe principiul vaselor comunicante, arunc\u00e2ndu-te, dac\u0103 nu e\u0219ti suficient de atent, \u00eentr-o lume a jocurilor de oglinzi. O lume amuzant\u0103 la un spectacol de b\u00e2lci sau \u00eentr-un parc de distrac\u021bii, dar una devastatoare \u00eentr-o lume \u00een care nu divertismentul primeaz\u0103, ci chiar via\u021ba real\u0103, cea de zi cu zi, a oamenilor.<\/p>\n\n\n\n<p>Printre lucrurile cele mai greu de administrat se num\u0103r\u0103 \u0219i libertatea &#8211; un copil capricios, care poate sc\u0103pa de sub control c\u00e2t ai zice pe\u0219te. Cei mai mul\u021bi p\u0103rin\u021bi \u0219i-au dorit din tot sufletul s\u0103 aib\u0103 copii, dar c\u00e2\u021bi dintre ace\u0219ti oameni s-au dovedit, cu adev\u0103rat, \u0219i bun p\u0103rin\u021bi? S\u0103-\u021bi dore\u0219ti ceva, e una. S\u0103 administrezi cum se cuvine acel ceva, este alta. Libertatea poate lua multe chipuri, poate fi multe lucruri. <em>\u201cFreedom\u2019s just another word for nothin\u2019 left to lose\/Nothin\u2019 ain\u2019t worth nothin\u2019 but it\u2019s free\u201d<\/em>, spune o splendid\u0103 balad\u0103. Totu\u0219i, e de preferat ca libertatea chiar s\u0103 valoreze ceva. \u0218i valoarea nu i-o poate da dec\u00e2t felul \u00een care o folose\u0219ti, calitatea celor pe care le investe\u0219ti \u00een ea.<\/p>\n\n\n\n<p>Entuziasmul primilor pa\u0219i de dup\u0103 c\u0103derea comunismului \u00een Europa de Est i-a f\u0103cut pe mul\u021bi s\u0103 uite c\u0103 Istoria nu merge, mai niciodat\u0103, \u00een linie dreapt\u0103. Zig-zag=urile ei pot fi numeroase, obositoare, nu de pu\u021bine ori de-a dreptul deprimante. De la dictatur\u0103 se trece rareori direct la democra\u021bie. Printre \u00eentruchip\u0103rile tranzi\u021biei se num\u0103r\u0103 \u0219i cele pe care \u0219tiin\u021bele politice le-au numit <em>dictablanda<\/em> \u0219i <em>democradura<\/em>. Nu este suficient s\u0103 ie\u0219i c\u00e2t mai rapid din astfel de surogate toxice ale democra\u021biei. Este nevoie s\u0103 ie\u0219i cu adev\u0103rat preg\u0103tit pentru mereu perfectibilul proiect care este democra\u021bia. Doar a\u0219a libertatea nu mai este <em>\u201cjust another word for nothin\u2019 left to lose\u201d.<\/em><\/p>\n\n\n\n<p>Dintre toate tipurile de democra\u021bie, <em>democra\u021bia participativ\u0103<\/em> pare unora aproape un pleonasm. Nu este. Nu a\u0219tep\u021bi ca \u00eent\u00e2i s\u0103 prime\u0219ti ceva din partea societ\u0103\u021bii \u0219i abia apoi contribui, participi. Este exact pe dos. Nu trebuie s\u0103 fii \u201ccineva\u201d, s\u0103 ai o \u00eenalt\u0103 pozi\u021bie \u00een ierarhia de stat pentru a juca un rol important. Louis D. Brendeis, fost judec\u0103tor la Curtea Suprem\u0103 a Statelor Unite, a definit acest lucru cum nu se poate mai limpede: <em>\u201cThe most important political office is that of the private citizen\u201d.<\/em><\/p>\n\n\n\n<p>Acesta este primul num\u0103r al buletinului informativ <em>De la opozi\u021bie la libertate<\/em>, publicat de <em>Funda\u021bia \u201cDoina Cornea\u201d<\/em>. \u00cei urez s\u0103 devin\u0103 un vehicul al schimburilor de idei pe m\u0103sura idealurilor pe care le-a slujit Doina Cornea, care a \u00een\u021beles c\u0103 func\u021bia cea mai \u00eenalt\u0103 \u0219i mai puternic\u0103 \u00een stat este aceea de cet\u0103\u021bean. Mie unuia \u00eemi doresc ca evolu\u021bia acestei publica\u021bii on line \u0219i influen\u021ba pe care o va avea s\u0103 m\u0103 fac\u0103 a reveni asupra titlului celor scrise la dispari\u021bea nobilei lupt\u0103toare \u2013 <em>\u201cN-am meritat-o pe Doina Cornea\u201d.<\/em><\/p>\n\n\n\n<p>V\u0103 invit s-o merit\u0103m pe Doina Cornea. Nu e niciodat\u0103 prea t\u00e2rziu.<\/p>","protected":false},"excerpt":{"rendered":"<p>Washington, 4 iulie 2020 Sosit\u0103 la Bucure\u0219ti imediat dup\u0103 instalarea primului guvern postceau\u0219ist, la \u00eentrebarea \u201cCe crede\u021bi c\u0103 trebuie s\u0103 fac\u0103 noul guvern pentru a reu\u0219i, acum, c\u00e2nd \u00een Rom\u00e2nia s-a instaurat libertatea?\u201d, o redactoare a postului de radio Vocea Americii primea un r\u0103spuns scurt \u0219i cuprinz\u0103tor din partea unuia din membrii proasp\u0103tului Executiv: \u201cDoamn\u0103 [&hellip;]<\/p>\n","protected":false},"author":1,"featured_media":3656,"comment_status":"open","ping_status":"open","sticky":false,"template":"","format":"standard","meta":[],"categories":[25],"tags":[],"builder_content":"","_links":{"self":[{"href":"https:\/\/editura-doinacornea.ro\/index.php\/wp-json\/wp\/v2\/posts\/3670"}],"collection":[{"href":"https:\/\/editura-doinacornea.ro\/index.php\/wp-json\/wp\/v2\/posts"}],"about":[{"href":"https:\/\/editura-doinacornea.ro\/index.php\/wp-json\/wp\/v2\/types\/post"}],"author":[{"embeddable":true,"href":"https:\/\/editura-doinacornea.ro\/index.php\/wp-json\/wp\/v2\/users\/1"}],"replies":[{"embeddable":true,"href":"https:\/\/editura-doinacornea.ro\/index.php\/wp-json\/wp\/v2\/comments?post=3670"}],"version-history":[{"count":2,"href":"https:\/\/editura-doinacornea.ro\/index.php\/wp-json\/wp\/v2\/posts\/3670\/revisions"}],"predecessor-version":[{"id":3699,"href":"https:\/\/editura-doinacornea.ro\/index.php\/wp-json\/wp\/v2\/posts\/3670\/revisions\/3699"}],"wp:featuredmedia":[{"embeddable":true,"href":"https:\/\/editura-doinacornea.ro\/index.php\/wp-json\/wp\/v2\/media\/3656"}],"wp:attachment":[{"href":"https:\/\/editura-doinacornea.ro\/index.php\/wp-json\/wp\/v2\/media?parent=3670"}],"wp:term":[{"taxonomy":"category","embeddable":true,"href":"https:\/\/editura-doinacornea.ro\/index.php\/wp-json\/wp\/v2\/categories?post=3670"},{"taxonomy":"post_tag","embeddable":true,"href":"https:\/\/editura-doinacornea.ro\/index.php\/wp-json\/wp\/v2\/tags?post=3670"}],"curies":[{"name":"wp","href":"https:\/\/api.w.org\/{rel}","templated":true}]}}