{"id":3676,"date":"2020-07-07T10:40:27","date_gmt":"2020-07-07T10:40:27","guid":{"rendered":"https:\/\/editura-doinacornea.ro\/?p=3676"},"modified":"2020-07-08T07:04:04","modified_gmt":"2020-07-08T07:04:04","slug":"inregistrarea-fundatiei-doina-cornea-istoric-perspective","status":"publish","type":"post","link":"https:\/\/editura-doinacornea.ro\/index.php\/2020\/07\/07\/inregistrarea-fundatiei-doina-cornea-istoric-perspective\/","title":{"rendered":"\u00cenregistrarea Funda\u0163iei Doina Cornea &#8211; Istoric, perspective &#8211; Leontin Hora\u0163iu Iuhas"},"content":{"rendered":"<!--themify_builder_content-->\n<div id=\"themify_builder_content-3676\" data-postid=\"3676\" class=\"themify_builder_content themify_builder_content-3676 themify_builder tf_clear\">\n    <\/div>\n<!--\/themify_builder_content-->\n\n\n<p>\u00cen luna octombrie a anului 2018 am \u00eenceput demersurile pentru \u00eenfiin\u0163area Funda\u0163iei Doina Cornea. Era evident c\u0103 nu dispun de suma necesar\u0103 \u00eenregistr\u0103rii legale a funda\u0163iei dar am pornit totu\u015fi, plin de entuziasm. Eram sigur c\u0103 scopul \u015fi obiectivele funda\u0163iei vor aduna suficien\u0163i membri care, prin aportul lor, vor asigura contribu\u0163ia financiar\u0103 necesar\u0103.<\/p>\n\n\n\n<p>Am conceput, \u00een consecin\u0163\u0103, un statut care reunea, ca membri fondatori, cele mai importante institutii ale statului, personalit\u0103\u0163i ale societ\u0103\u0163ii civile \u015fi membri ai familiei Doinei Cornea.&nbsp;<\/p>\n\n\n\n<p>L-am trimis institu\u0163iilor statului, plin de speran\u0163\u0103. M\u0103 a\u015fteptam s\u0103 primesc r\u0103spunsuri pozitive, la fel de entuziaste ca invita\u0163iile f\u0103cute de mine&#8230; Poate c\u00e2teva refuzuri r\u0103zle\u0163e&#8230; Dar nu! Mi-au venit doar dou\u0103 refuzuri. \u00cen rest&#8230; t\u0103cere.<\/p>\n\n\n\n<p>Mi-au r\u0103spuns pozitiv cele dou\u0103 institu\u0163ii locale din Cluj: Prim\u0103ria (cu care suntem \u00een colaborare \u00een vederea \u00eenfiin\u0163\u0103rii casei memoriale) \u015fi Consiliul Local \u2013 viitor membru fondator al funda\u0163iei.<\/p>\n\n\n\n<p>\u015ei mi-au mai r\u0103spuns pozitiv, spre marea mea bucurie \u2013 dar \u015fi a Doinei Cornea de acolo de unde ne prive\u015fte \u2013 Asocia\u0163ia 15 Noiembrie 1987 Bra\u015fov, Asocia\u0163ia Fo\u015ftilor De\u0163inu\u0163i Politici din Rom\u00e2nia \u015fi multe din persoanele pe care mama le-a iubit.<\/p>\n\n\n\n<p>Deoarece suma nu p\u0103rea s\u0103 se adune prea repede am f\u0103cut mai multe apeluri publice, am organizat cu ajutorul partenerilor funda\u0163iei, societ\u0103\u0163ile Iord\u0103chescu&amp;Asocia\u0163ii, Artmark \u015fi Banca Transilvania, concertul caritabil \u201eDoina Cornea \u2013 Lumina din \u00eentuneric\u201f \u015fi am preg\u0103tit, cu ajutorul Artmark, o licita\u0163ie, tot caritabil\u0103, care, datorit\u0103 pandemiei, s-a am\u00e2nat pentru luna decembrie a acestui an.<\/p>\n\n\n\n<p>P\u00e2n\u0103 \u00een acest moment s-a adunat, \u00een total, suma de 95.220 lei, mai sunt de primit contribu\u0163iile unor membri care nu au depus \u00eenc\u0103 banii \u00een valoare de 21.300 lei, f\u0103c\u00e2nd un total de 116.250 lei. \u00cen completare, to\u0163i mo\u015ftenitorii Doinei Cornea au fost de acord s\u0103 doneze funda\u0163iei, ca aport \u00een natur\u0103 \u00een vedera complet\u0103rii capitalului necesar, obiectele de mobilier de stil antic \u015fi pianul Doinei Cornea. Este \u00een curs expertizarea lor pentru stabilirea valorii.<\/p>\n\n\n\n<p>\u00cen cazul \u00een care vor mai fi necesare fonduri pentru a ajunge la valoarea impus\u0103 de lege (100 salarii minime pe economie) vom \u00eencerca completarea c\u00e2t mai rapid\u0103 a sumei \u015fi \u00eenregistrarea legal\u0103 a funda\u0163iei p\u0103n\u0103 la sf\u00e2r\u015fitul lunii august.<\/p>","protected":false},"excerpt":{"rendered":"<p>\u00cen luna octombrie a anului 2018 am \u00eenceput demersurile pentru \u00eenfiin\u0163area Funda\u0163iei Doina Cornea. Era evident c\u0103 nu dispun de suma necesar\u0103 \u00eenregistr\u0103rii legale a funda\u0163iei dar am pornit totu\u015fi, plin de entuziasm. Eram sigur c\u0103 scopul \u015fi obiectivele funda\u0163iei vor aduna suficien\u0163i membri care, prin aportul lor, vor asigura contribu\u0163ia financiar\u0103 necesar\u0103. Am conceput, [&hellip;]<\/p>\n","protected":false},"author":1,"featured_media":206,"comment_status":"open","ping_status":"open","sticky":false,"template":"","format":"standard","meta":[],"categories":[25],"tags":[],"builder_content":"","_links":{"self":[{"href":"https:\/\/editura-doinacornea.ro\/index.php\/wp-json\/wp\/v2\/posts\/3676"}],"collection":[{"href":"https:\/\/editura-doinacornea.ro\/index.php\/wp-json\/wp\/v2\/posts"}],"about":[{"href":"https:\/\/editura-doinacornea.ro\/index.php\/wp-json\/wp\/v2\/types\/post"}],"author":[{"embeddable":true,"href":"https:\/\/editura-doinacornea.ro\/index.php\/wp-json\/wp\/v2\/users\/1"}],"replies":[{"embeddable":true,"href":"https:\/\/editura-doinacornea.ro\/index.php\/wp-json\/wp\/v2\/comments?post=3676"}],"version-history":[{"count":2,"href":"https:\/\/editura-doinacornea.ro\/index.php\/wp-json\/wp\/v2\/posts\/3676\/revisions"}],"predecessor-version":[{"id":3696,"href":"https:\/\/editura-doinacornea.ro\/index.php\/wp-json\/wp\/v2\/posts\/3676\/revisions\/3696"}],"wp:featuredmedia":[{"embeddable":true,"href":"https:\/\/editura-doinacornea.ro\/index.php\/wp-json\/wp\/v2\/media\/206"}],"wp:attachment":[{"href":"https:\/\/editura-doinacornea.ro\/index.php\/wp-json\/wp\/v2\/media?parent=3676"}],"wp:term":[{"taxonomy":"category","embeddable":true,"href":"https:\/\/editura-doinacornea.ro\/index.php\/wp-json\/wp\/v2\/categories?post=3676"},{"taxonomy":"post_tag","embeddable":true,"href":"https:\/\/editura-doinacornea.ro\/index.php\/wp-json\/wp\/v2\/tags?post=3676"}],"curies":[{"name":"wp","href":"https:\/\/api.w.org\/{rel}","templated":true}]}}