{"id":3726,"date":"2020-09-16T16:59:55","date_gmt":"2020-09-16T16:59:55","guid":{"rendered":"https:\/\/editura-doinacornea.ro\/?p=3726"},"modified":"2020-09-18T09:00:48","modified_gmt":"2020-09-18T09:00:48","slug":"speranta-care-ne-face-puternici-eugen-iordachescu","status":"publish","type":"post","link":"https:\/\/editura-doinacornea.ro\/index.php\/2020\/09\/16\/speranta-care-ne-face-puternici-eugen-iordachescu\/","title":{"rendered":"Speran\u021ba care ne face puternici &#8211; Eugen Iord\u0103chescu"},"content":{"rendered":"<!--themify_builder_content-->\n<div id=\"themify_builder_content-3726\" data-postid=\"3726\" class=\"themify_builder_content themify_builder_content-3726 themify_builder tf_clear\">\n    <\/div>\n<!--\/themify_builder_content-->\n\n\n<div style=\"height:100px\" aria-hidden=\"true\" class=\"wp-block-spacer\"><\/div>\n\n\n\n<p>Am fost mereu un om optimist. Am crezut \u0219i cred c\u0103 fiecare via\u021b\u0103 de om are sensul s\u0103u, c\u0103 fiecare om are un loc bine definit \u00een arhitectura universala a umanit\u0103\u021bii. \u00cemi iubesc \u021bara \u0219i oamenii din \u021bara mea, \u00eei iubesc pe rom\u00e2ni. Cu cele bune \u0219i mai pu\u021bin bune.<\/p>\n\n\n\n<p>Am crezut \u0219i cred c\u0103 fiecare dintre noi, \u00een felul s\u0103u \u0219i dup\u0103 puterile sale, este \u00een m\u0103sur\u0103 s\u0103 fac\u0103 ceva bun pentru \u021bara sa.<\/p>\n\n\n\n<p>Cred, \u00een acela\u0219i timp, c\u0103 putem construi ceva mai bun pentru noi to\u021bi numai \u0219i numai dac\u0103 ne vom \u00eentemeia via\u021ba pe adev\u0103r. Un adev\u0103r asumat \u00een integralitate. Cu bunele \u0219i relele sale. Nu putem s\u0103 ne cre\u0219tem copiii \u00een minciun\u0103.<\/p>\n\n\n\n<p>Pe scurt, acestea sunt motivele care m-au determinat s\u0103 m\u0103 al\u0103tur formidabilei echipe, care \u00eempreun\u0103 cu prietenul meu Leontin Iuhas, \u00eencearc\u0103, dup\u0103 puterile pe care le avem, s\u0103 scoatem adev\u0103rul la lumin\u0103. \u00cen toat\u0103 aceast\u0103 ecua\u021bie moral\u0103 un loc central \u00eel ocup\u0103 istoricul Marius Oprea. Eforturile conjugate ale echipei de cercet\u0103tori, arheologi, istorici etc. de a scoate adev\u0103rul istoric la lumina sunt remarcabile. Nu po\u021bi construi nimic pe minciun\u0103. De aceea cunoa\u0219terea adev\u0103rului privind perioada \u201cepocii comuniste din Rom\u00e2nia\u201d reprezint\u0103 un demers necesar.<\/p>\n\n\n\n<p>Putem privi adev\u0103rul ca \u0219i fundament al istoriei dar \u0219i ca fundament al actului de justi\u021bie.<\/p>\n\n\n\n<p>Cu at\u00e2t mai mult eforturile f\u0103cute de Marius Oprea \u0219i colaboratorii s\u0103i trebuie sus\u021binute \u0219i relevate. Trebuie s\u0103 m\u0103rturisesc c\u0103 demersul acestei echipe este unul necesar \u0219i pentru relevarea crimelor imprescriptibile care pot sa aib\u0103 semnifica\u021bii importante \u0219i pentru sistemul judiciar, at\u00e2ta vreme c\u00e2t tor\u021bionarii mai exist\u0103 printre noi. Paradoxul curgerii timpului este scos la lumina de adev\u0103r. Adev\u0103rul istoric este relevat mai u\u0219or \u0219i complet numai dup\u0103 ce timpul a trecut, \u00een mod substan\u021bial, de la momentul producerii evenimentelor cercetate de istorici. Adev\u0103rul juridic este dificil de relevat dac\u0103 timpul se \u00eendep\u0103rteaz\u0103 de momentul s\u0103v\u00e2r\u0219irii faptelor cercetate. Acesta este \u0219i motivul pentru care organele judiciare se afl\u0103 \u00een situa\u021bii mai mult dec\u00e2t dificile \u00een cercetarea faptelor imprescriptibile. Tocmai aici intervine rolul esen\u021bial al istoricului Marius Oprea. Acesta prin cercet\u0103rile pe care le face poate sa ofere probe de net\u0103g\u0103duit cu privire la ororile comunismului \u0219i la responsabilit\u0103\u021bile tor\u021bionarilor \u00eenc\u0103 \u00een via\u021b\u0103.<\/p>\n\n\n\n<p>Sper ca rezultatele muncii echipei conduse de istoricul Marius Oprea s\u0103 contribuie la construirea unei Rom\u00e2nii mai puternice, mai bune \u0219i drepte.<\/p>","protected":false},"excerpt":{"rendered":"<p>Am fost mereu un om optimist. Am crezut \u0219i cred c\u0103 fiecare via\u021b\u0103 de om are sensul s\u0103u, c\u0103 fiecare om are un loc bine definit \u00een arhitectura universala a umanit\u0103\u021bii. \u00cemi iubesc \u021bara \u0219i oamenii din \u021bara mea, \u00eei iubesc pe rom\u00e2ni. Cu cele bune \u0219i mai pu\u021bin bune. Am crezut \u0219i cred c\u0103 [&hellip;]<\/p>\n","protected":false},"author":1,"featured_media":3729,"comment_status":"open","ping_status":"open","sticky":false,"template":"","format":"standard","meta":[],"categories":[26],"tags":[],"builder_content":"","_links":{"self":[{"href":"https:\/\/editura-doinacornea.ro\/index.php\/wp-json\/wp\/v2\/posts\/3726"}],"collection":[{"href":"https:\/\/editura-doinacornea.ro\/index.php\/wp-json\/wp\/v2\/posts"}],"about":[{"href":"https:\/\/editura-doinacornea.ro\/index.php\/wp-json\/wp\/v2\/types\/post"}],"author":[{"embeddable":true,"href":"https:\/\/editura-doinacornea.ro\/index.php\/wp-json\/wp\/v2\/users\/1"}],"replies":[{"embeddable":true,"href":"https:\/\/editura-doinacornea.ro\/index.php\/wp-json\/wp\/v2\/comments?post=3726"}],"version-history":[{"count":3,"href":"https:\/\/editura-doinacornea.ro\/index.php\/wp-json\/wp\/v2\/posts\/3726\/revisions"}],"predecessor-version":[{"id":3760,"href":"https:\/\/editura-doinacornea.ro\/index.php\/wp-json\/wp\/v2\/posts\/3726\/revisions\/3760"}],"wp:featuredmedia":[{"embeddable":true,"href":"https:\/\/editura-doinacornea.ro\/index.php\/wp-json\/wp\/v2\/media\/3729"}],"wp:attachment":[{"href":"https:\/\/editura-doinacornea.ro\/index.php\/wp-json\/wp\/v2\/media?parent=3726"}],"wp:term":[{"taxonomy":"category","embeddable":true,"href":"https:\/\/editura-doinacornea.ro\/index.php\/wp-json\/wp\/v2\/categories?post=3726"},{"taxonomy":"post_tag","embeddable":true,"href":"https:\/\/editura-doinacornea.ro\/index.php\/wp-json\/wp\/v2\/tags?post=3726"}],"curies":[{"name":"wp","href":"https:\/\/api.w.org\/{rel}","templated":true}]}}