{"id":3796,"date":"2020-10-14T13:47:06","date_gmt":"2020-10-14T13:47:06","guid":{"rendered":"https:\/\/editura-doinacornea.ro\/?p=3796"},"modified":"2020-10-15T09:04:44","modified_gmt":"2020-10-15T09:04:44","slug":"dar-acum-este-momentul-nu-julie-combes","status":"publish","type":"post","link":"https:\/\/editura-doinacornea.ro\/index.php\/2020\/10\/14\/dar-acum-este-momentul-nu-julie-combes\/","title":{"rendered":"Dar acum este momentul&#8230;, nu? &#8211; Julie Combes"},"content":{"rendered":"<!--themify_builder_content-->\n<div id=\"themify_builder_content-3796\" data-postid=\"3796\" class=\"themify_builder_content themify_builder_content-3796 themify_builder tf_clear\">\n    <\/div>\n<!--\/themify_builder_content-->\n\n\n<p>\u00abMai bine mai t\u00e2rziu dec\u00e2t niciodat\u0103\u00bb ar spune unii&#8230; Dar s\u0103 nu uit\u0103m c\u0103 ast\u0103zi, \u00abt\u00e2rziu\u00bb rimeaz\u0103 cu \u00abniciodat\u0103\u00bb.<\/p>\n\n\n\n<p>To\u0163i dictatorii \u015ftiu bine c\u0103 poporul nu se va ridica \u00eenainte s\u0103 fie frigiderul complet gol. Este o regul\u0103 de baz\u0103 \u015fi este gestionat\u0103 f\u0103r\u0103 probleme. \u015ei regula aceasta se aplic\u0103 la toate tipurile de \u00abfrigider\u00bb \u015fi ne prive\u015fte pe to\u0163i, fie artizani, fie liberali, etc.<\/p>\n\n\n\n<p>Mul\u0163i g\u00e2ndesc c\u0103 pr\u0103bu\u015firea este inevitabil\u0103 \u015fi, prin urmare, c\u0103 e suficient, pur \u015fi simplu s\u0103 nu facem nimica, \u015fi s\u0103 a\u015ftept\u0103m s\u0103 se produc\u0103 singur\u0103&#8230; \u015ei hop! Se va na\u015fte o nou\u0103 lume&#8230; Mi se cam face groaz\u0103 c\u00e2nd m\u0103 g\u00e2ndesc la posibilitatea de a tr\u0103i \u00een acest fel. E iresponsabil. A crede c\u0103 spiritul are putere f\u0103r\u0103 a presupune nici o reglare \u00eentre materie \u015fi elanul creativ, \u00ee\u015fi g\u0103se\u015fte originea \u00eentr-o distorsiune cognitiv\u0103 vulgar\u0103.<\/p>\n\n\n\n<p>Suntem sclavi. Suntem sclavii g\u00e2ndurilor noastre, suntem sclavii credin\u0163elor noastre, suntem sclavii obi\u015fnuin\u0163elor noastre&#8230;<\/p>\n\n\n\n<p>Libertate. Aceasta este piatra de c\u0103p\u0103t\u00e2i a edificiului vie\u0163ii. Liberi de comportamente nes\u0103n\u0103toase, liberi de determin\u0103ri familiale, sociale, politice&#8230; Nu m\u0103 \u00een\u0163elege\u0163i gre\u015fit : m\u0103 refer la cele care limiteaz\u0103, cele care ne degradeaz\u0103 \u015fi ne conduc la a fi ceea ce doresc ceilal\u0163i. Doina s-a exprimat foarte mult despre libertate \u015fi vreau s\u0103 m\u0103 refer acum la o scrisoare adresat\u0103 mamei mele \u00een 1976, g\u0103sit\u0103 recent : \u00abDe fapt libertatea se na\u015fte \u00een cuget, nu este ceva exterior, se na\u015fte \u00een sufletul din care a disp\u0103rut teama \u015fi numai acea con\u015ftiin\u0163\u0103 se poate afirma \u015fi valorifica, de fapt, care e liber\u0103 de team\u0103. Libertatea \u00eens\u0103 nu \u00eenseamn\u0103 a face lucruri extravagante. \u015ei nici libertate absolut\u0103 nu poate exista, din moment ce tr\u0103im \u00eentr-o comuniune fondat\u0103 pe drepturi \u015fi \u00eendatoriri; exist\u0103 un \u00abcontract social\u00bb \u00eentre individ \u015fi societate. [\u2026] Sunt de acord, c\u0103 la noi mai este mult de f\u0103cut \u00een privin\u0163a educ\u0103rii con\u015ftiin\u0163ei spre libertate. Dar acolo (\u00een Fran\u0163a), nu se cade de multe ori \u00een cealalt\u0103 extrem\u0103, \u00een dezordine, anarhie sau o vorb\u0103rie steril\u0103? Scrisorile lui Jo o cam spuneau. Libertatea nu poate fi libertate nici aici, nici acolo, dac\u0103 nu are la baz\u0103 o cultur\u0103 profund\u0103 \u015fi o mare dragoste de oameni \u015fi de adev\u0103r. Aceste idei ar trebui s\u0103 prind\u0103 via\u0163\u0103 \u00een mii \u015fi milioane de suflete.\u00bb<\/p>\n\n\n\n<p>\u00cen timpurile actuale de \u00abconspira\u0163ia t\u0103cerii\u00bb, de corup\u0163ie \u015fi de conflicte de interese, drept s\u0103 spun, este greu de a g\u0103si o cultur\u0103 profund\u0103, \u015fi, ce s\u0103 mai vorbim de dragoste de oameni \u015fi de adev\u0103r&#8230; Ast\u0103zi modul nostru de a tr\u0103i \u015fi de a g\u00e2ndi ne \u00eempiedic\u0103 s\u0103 folosim din plin resursele noastre proprii, interioare ca \u015fi exterioare, \u015fi a\u015fa-zisa \u00ablibertate\u00bb, de\u015fi este un drept, r\u0103m\u00e2ne pentru mul\u0163i de neatins\u2026 Dar \u00een dialog cu Doina, a\u015f spune c\u0103 aceast\u0103 cultur\u0103 profund\u0103 se poate redescoperi prin numeroase demersuri, activit\u0103\u0163i, printr-o disciplin\u0103, prin obiceiuri. Pe scurt : prin modalit\u0103\u0163i abile de a ne \u00eenv\u0103\u0163a cum s\u0103 ne ridic\u0103m, cum s\u0103 ne \u0163inem drept, cu adev\u0103rate picioare \u015fi cu energia unui copac, \u015fi cum s\u0103 murim liberi \u015fi ferici\u0163i ca o floare care s-ar oferi cosmosului. Vorbim de moduri abile care s\u0103 ne conduc\u0103 la o autonomie total\u0103 prin deta\u015farea de ceace ne \u00eempov\u0103reaz\u0103, ne condi\u0163ioneaz\u0103, ne p\u0103c\u0103le\u015fte \u015fi ne face dependen\u0163i p\u00e2n\u0103 la robie. Este vorba de a \u00eenv\u0103\u0163a s\u0103 cunoa\u015ftem adev\u0103rata natur\u0103 a fiin\u0163ei noastre &#8211; unde se fabric\u0103 un num\u0103r incalculabil de suferin\u0163e &#8211; care s\u0103 ne arate drumul spre emancipare p\u00e2n\u0103 la in\u0163elepciune: \u00een\u0163elepciune f\u0103r\u0103 nume \u015fi con\u0163inut.<\/p>\n\n\n\n<p>La un nivel foarte concret, aceast\u0103 cultur\u0103 profund\u0103, aceast\u0103 dragoste de oameni \u015fi de adev\u0103r de care vorbea Doina, o putem reactiva prin sus\u0163inerea muncii celor care se lupt\u0103 de mul\u0163i ani pentru justi\u0163ie, cu Marius Oprea \u00een frunte, prin \u00eenfiin\u0163area Centrului de Investigare a Crimelor Comunismului din Rom\u00e2nia, g\u0103zduit de Funda\u0163ia Doina Cornea. Centrul de Investigare se va al\u0103tura Memorialului Doina Cornea ce cuprinde Muzeul Victimelor Comunismului din Romania, Muzeul de pictur\u0103 Doina Cornea \u015fi, bine\u00een\u0163eles Casa memorial\u0103 Doina Cornea.<\/p>\n\n\n\n<p>Pe de alt\u0103 parte, teama care este din nou palpabil\u0103, a provocat at\u00e2tea deterior\u0103ri \u00eenc\u00e2t tr\u0103im \u00eentr-o lume care se transform\u0103 iremediabil \u00eentr-un fel de lag\u0103r consim\u0163it, din feble\u0163ea noastr\u0103 proprie. Teama nu doar c\u0103 va avea consecin\u0163e asupra libert\u0103\u0163ii, dar \u015fi asupra s\u0103n\u0103t\u0103\u0163ii mintale a poporului. \u00cen 1979, Doina ne spunea deja: \u00abModesta mea practic\u0103 de yoga \u015fi ceva lectur\u0103 \u00een aceast\u0103 privin\u0163\u0103, m\u0103 fac s\u0103 intuiesc c\u00e2t de important\u0103\/determinant\u0103 e starea fizic\u0103, buna func\u0163ionare a organismului \u00een valorificarea spiritului \u015fi invers: dac\u0103 sufletul se \u00eemboln\u0103ve\u015fte \u015fi fizicul cade prad\u0103 unei boli (asta o spune Jung). Am observat c\u0103 p\u00e2n\u0103 \u015fi \u0163inuta corect\u0103 a trupului, pe anumite coordonate (ce corespund, se zice, coordonatelor esen\u0163iale din univers..) te face s\u0103-\u0163i p\u0103strezi echilibrul interior, adic\u0103, a\u015f spune, s\u0103 tr\u0103ie\u015fti pe adev\u0103rata ta lungime de und\u0103, aceea care \u0163i-a fost sortit\u0103 poate cu mult \u00eenainte de na\u015ftere. Nu avem voie s\u0103 ne deviem eul fundamental din drumul s\u0103u firesc spre reintegrarea lui \u00een \u00abfirea\u00bb universal\u0103. Eu simt acest lucru \u015fi nu m\u0103 simt fericit\u0103 dec\u00e2t atunci c\u00e2nd sunt \u00eemp\u0103cat\u0103 cu ceea ce m\u0103 \u00eenconjoar\u0103 \u015fi cu mine \u00eens\u0103mi.\u00bb (Cluj, 15.03.1979, scrisoare c\u0103tre Ada, fiica ei)<\/p>\n\n\n\n<p>Deconectarea de interioritate, m\u00e2nie, confuzie, insensibilitate, profundul sentiment de singur\u0103tate, etc., toate aceste sentimente revin, dar spijinindu-se de data aceasta pe o hyper-reactivitate si o ner\u0103bdare legate de supra\u00eenc\u0103rcarea informa\u0163ional\u0103, de cre\u015fterea exponen\u0163ial\u0103 a vitezei (tehnologice, financiare, numerice, etc.), de poluarea ambiental\u0103, de m\u00e2nc\u0103ruri toxice, medicamente, \u015fi lista este lung\u0103. \u00a0<\/p>\n\n\n\n<p>Pierderea sensibilit\u0103\u0163ii, \u00een general, este \u015fi pierderea capacit\u0103\u0163ii de a judeca ; devenim imbecili \u015fi o prad\u0103 u\u015foar\u0103.<\/p>\n\n\n\n<p>A\u015fa cum avem o responsabilitate fa\u0163\u0103 de adev\u0103rul istoric, avem \u015fi o responsabilitate fa\u0163\u0103 de societatea noastr\u0103 actual\u0103. S\u0103 \u00een\u0163elegem c\u0103 realitatea o facem noi. Doina a \u00eenceput doar o lupt\u0103 care nu s-a terminat cu pr\u0103bu\u015firea regimului comunist din Rom\u00e2nia, \u015fi nu se va termina c\u00e2t timp nu ne vom lua responsabilitatea fa\u0163\u0103 de societatea care ne g\u0103zduie\u015fte. \u015ei aici nu este vorba de o responsabilitate colectiv\u0103, ci de o co-responsabilitate. \u00cen primul sens, responsabilitatea este \u00eemp\u0103r\u0163it\u0103 \u00eentre to\u0163i protagoni\u015ftii societ\u0103\u0163ii, ceea ce ar reveni la iresponsabilitate, \u00een timp ce, \u00een al doilea sens, responsabilitatea este total\u0103 pentru fiecare individ. Cu alte cuvinte, ori suntem ego-uri ridicole (cu 0,0000001 de responsabilitate), ori suntem pur si simplu tot-ul \u2013 preciz\u00e2nd c\u0103 tot-ul nu distruge eu-l, pe c\u00e2nd eu-l \u00eentotdeuna se va ridica \u00eempotriva tot-ului. Cei care pot \u015fi au curajul s\u0103 \u00een\u0163eleag\u0103 \u015fi s\u0103 p\u0103trund\u0103 mesajele Doinei, s\u0103 \u015fi le asume cu experien\u0163a proprie, cu trup \u015fi cu inim\u0103, ace\u015ftia vor alege responsabilitatea total\u0103, responsabilitatea gre\u015felilor celorlal\u0163i at\u00e2t c\u00e2t \u015fi responsabilitatea succesului lor.<\/p>\n\n\n\n<p>Obiectivul Funda\u0163iei Doina Cornea nu este de a iubi pe toat\u0103 lumea, necondi\u0163ionat (ceea ce a devenit o mod\u0103), pentru c\u0103 acest fapt ar conduce la aceptarea unei lumi d\u0103un\u0103toare care se anun\u0163\u0103.<\/p>\n\n\n\n<p>Obiectivul Funda\u0163iei Doina Cornea nu este de a pleca la r\u0103zboi, pentru c\u0103 aceasta ar \u00eensemna c\u0103 nu cre\u0103m pace, armonie \u015fi concordie.<\/p>\n\n\n\n<p>Obiectivul Funda\u0163iei Doina Cornea nu este de a crea o lume mai bun\u0103, pentru c\u0103 atunci am c\u0103dea \u00eentr-un fantasm vehiculat de ideali\u015fti, acela care comand\u0103 \u00eensu\u015fi spiritul de\u0163in\u0103torilor puterii: curajul nu este \u00een a inventa o utopie, este \u00een puterea fiec\u0103ruia de a transforma, cu inima, armele \u00een flori, \u015fi armatele \u00een valuri de binecuv\u00e2nt\u0103ri.<\/p>\n\n\n\n<p>Funda\u0163ia Doina Cornea se va str\u0103dui s\u0103 propun\u0103 moduri abile pentru a responsabiliza fiecare individ, pentru a \u00eenv\u0103\u0163a s\u0103-\u015fi recunoasc\u0103 dreptul la libertate, pentru a descoperi adev\u0103rata natur\u0103 a fiin\u0163ei sale, pentru a se emancipa p\u00e2n\u0103 la \u00een\u0163elepciune, f\u0103r\u0103 nume si con\u0163inut. \u00cempreun\u0103 cu membrii Funda\u0163iei \u015fi cu c\u00e2t mai multe colabor\u0103ri, ne dorim s\u0103 propunem proiecte \u00een spiritul co-responsabilit\u0103\u0163ii. Este momentul s\u0103 cre\u0103m chiar noi, societatea.<\/p>\n\n\n\n<p>Fericit\u0103 va fi Funda\u0163ia dac\u0103 provoac\u0103 \u00een inima ei \u015fi al\u0103turi de ea un paradis unde vin s\u0103 se adape tot felul de fiin\u0163e, copii \u015fi b\u0103tr\u00e2ni, rom\u00e2ni \u015fi str\u0103ini, erudi\u0163i \u015fi incul\u0163i, principi sau nenoroci\u0163i!<\/p>\n\n\n\n<p>Julie Combes,<br>Vice-Pre\u0219edinte al Funda\u0163iei Doina Cornea<\/p>","protected":false},"excerpt":{"rendered":"<p>\u00abMai bine mai t\u00e2rziu dec\u00e2t niciodat\u0103\u00bb ar spune unii&#8230; Dar s\u0103 nu uit\u0103m c\u0103 ast\u0103zi, \u00abt\u00e2rziu\u00bb rimeaz\u0103 cu \u00abniciodat\u0103\u00bb. To\u0163i dictatorii \u015ftiu bine c\u0103 poporul nu se va ridica \u00eenainte s\u0103 fie frigiderul complet gol. Este o regul\u0103 de baz\u0103 \u015fi este gestionat\u0103 f\u0103r\u0103 probleme. \u015ei regula aceasta se aplic\u0103 la toate tipurile de \u00abfrigider\u00bb [&hellip;]<\/p>\n","protected":false},"author":1,"featured_media":3797,"comment_status":"open","ping_status":"open","sticky":false,"template":"","format":"standard","meta":[],"categories":[27,1],"tags":[],"builder_content":"","_links":{"self":[{"href":"https:\/\/editura-doinacornea.ro\/index.php\/wp-json\/wp\/v2\/posts\/3796"}],"collection":[{"href":"https:\/\/editura-doinacornea.ro\/index.php\/wp-json\/wp\/v2\/posts"}],"about":[{"href":"https:\/\/editura-doinacornea.ro\/index.php\/wp-json\/wp\/v2\/types\/post"}],"author":[{"embeddable":true,"href":"https:\/\/editura-doinacornea.ro\/index.php\/wp-json\/wp\/v2\/users\/1"}],"replies":[{"embeddable":true,"href":"https:\/\/editura-doinacornea.ro\/index.php\/wp-json\/wp\/v2\/comments?post=3796"}],"version-history":[{"count":3,"href":"https:\/\/editura-doinacornea.ro\/index.php\/wp-json\/wp\/v2\/posts\/3796\/revisions"}],"predecessor-version":[{"id":3835,"href":"https:\/\/editura-doinacornea.ro\/index.php\/wp-json\/wp\/v2\/posts\/3796\/revisions\/3835"}],"wp:featuredmedia":[{"embeddable":true,"href":"https:\/\/editura-doinacornea.ro\/index.php\/wp-json\/wp\/v2\/media\/3797"}],"wp:attachment":[{"href":"https:\/\/editura-doinacornea.ro\/index.php\/wp-json\/wp\/v2\/media?parent=3796"}],"wp:term":[{"taxonomy":"category","embeddable":true,"href":"https:\/\/editura-doinacornea.ro\/index.php\/wp-json\/wp\/v2\/categories?post=3796"},{"taxonomy":"post_tag","embeddable":true,"href":"https:\/\/editura-doinacornea.ro\/index.php\/wp-json\/wp\/v2\/tags?post=3796"}],"curies":[{"name":"wp","href":"https:\/\/api.w.org\/{rel}","templated":true}]}}