{"id":3805,"date":"2020-10-14T13:58:57","date_gmt":"2020-10-14T13:58:57","guid":{"rendered":"https:\/\/editura-doinacornea.ro\/?p=3805"},"modified":"2020-10-14T13:59:35","modified_gmt":"2020-10-14T13:59:35","slug":"memorialul-doina-cornea-memorial-al-rezistentei-impotriva-comunismului-in-romania-leontin-h-iuhas","status":"publish","type":"post","link":"https:\/\/editura-doinacornea.ro\/index.php\/2020\/10\/14\/memorialul-doina-cornea-memorial-al-rezistentei-impotriva-comunismului-in-romania-leontin-h-iuhas\/","title":{"rendered":"Memorialul Doina Cornea. Memorial al Rezisten\u0163ei \u00cempotriva Comunismului \u00een Rom\u00e2nia &#8211; Leontin H. Iuhas"},"content":{"rendered":"<!--themify_builder_content-->\n<div id=\"themify_builder_content-3805\" data-postid=\"3805\" class=\"themify_builder_content themify_builder_content-3805 themify_builder tf_clear\">\n    <\/div>\n<!--\/themify_builder_content-->\n\n\n<p>De la plecarea mamei mele, Doina Cornea, mi-am canalizat toate energiile \u00eenspre a aduce sau, mai bine spus, a re-aduce memoria ei la suprafa\u0163\u0103. Mi-am dat cur\u00e2nd seama, cu triste\u0163e, c\u0103, de fapt, ea nu mai exist\u0103 pentru o mare parte a rom\u00e2nilor. A\u015fa cum, de altfel, au fost da\u0163i uit\u0103rii cei mai mul\u0163i dintre cei ce s-au opus instaur\u0103rii \u015fi perpetu\u0103rii pe o at\u00e2t de lung\u0103 perioad\u0103 a comunismului \u00een Rom\u00e2nia. C\u00e2\u0163i dintre tinerii de azi, cei ce s-au n\u0103scut \u00een \u201elibertate\u201f, mai \u015ftiu ceva despre cei ce au luptat cu arma \u00een m\u00e2n\u0103 prin mun\u0163i, opun\u00e2ndu-se comunismului? C\u00e2\u0163i \u015ftiu de revolta minerilor din Valea Jiului, de revolta muncitorilor bra\u015foveni din 15 Noiembrie 1987? C\u00e2\u0163i \u015ftiu de Vasile Paraschiv, de Iulius Filip sau de Radu Filipescu? C\u00e2\u0163i mai \u015ftiu spune doar c\u00e2teva nume ale unor intelectuali rom\u00e2ni care au luat atitudine f\u0103\u0163i\u015f\u0103 \u00eempotriva regimului Ceau\u015fescu? Sau de mul\u0163i al\u0163ii&#8230;<\/p>\n\n\n\n<p>Din p\u0103cate \u015fcoala nu face nimic pentru a \u00eendrepta acest trist fapt. Ajunge s\u0103 te ui\u0163i prin manualele din care se \u00eenva\u0163\u0103 azi istoria recent\u0103&#8230;<\/p>\n\n\n\n<p>Deoarece proiectele pe care le aveam \u00een vedere erau greu de dus la bun sf\u00e2r\u015fit de unul singur m-am hot\u0103r\u00e2t s\u0103 \u00eenfiin\u0163ez o funda\u0163ie care s\u0103 reuneasc\u0103 c\u00e2teva persoane care doresc s\u0103 m\u0103 ajute \u00een demersurile mele. Pe m\u0103sur\u0103 ce am \u00eenaintat pe calea pe care am ales-o mi-am dat seama c\u00e2t de anevoioas\u0103 e, mi-am dat seama c\u00e2t de pu\u0163ini sunt cei care vor s\u0103 sprijine efectiv constituirea Funda\u0163iei Doina Cornea. Dar acest fapt nu m-a descurajat. Dimpotriv\u0103, cred c\u0103 m-a \u00eent\u0103rit, ar\u0103t\u00e2ndu-mi c\u00e2t de nesesar\u0103 este p\u0103strarea vie a memoriei Doina Cornea \u015fi, mai ales, trezirea societ\u0103\u0163ii rom\u00e2ne\u015fti ajut\u00e2nd-o s\u0103 descopere modele. Modele de curaj, de demnitate de ne-abdicare de la principii \u00een ciuda persecu\u0163iilor \u015fi torturilor la care au fost supu\u015fi to\u0163i cei ce s-au opus comunismului \u015fi dictaturii, timp de aproape cincizeci de ani, cu arma \u00een m\u00e2n\u0103 sau doar cu ajutorul cuv\u00e2ntului.<\/p>\n\n\n\n<p>\u00cen timp ce scriam aceste r\u00e2nduri am primit un mesaj din partea unei asocia\u0163ii care imi cerea permisiunea s\u0103 aduc\u0103, \u00een aceast\u0103 toamn\u0103 un grup de elevi pentru a vizita casa Doinei Cornea. Bine\u00een\u0163eles c\u0103 m-am bucurat: \u00een ciuda indiferen\u0163ei sau chiar a rea-voin\u0163ei celor ce redacteaz\u0103 programe \u015fcolare sau manuale \u015fcolare mai exist\u0103 oameni interesa\u0163i de educarea corect\u0103 a copiilor no\u015ftri.<\/p>\n\n\n\n<p>Mi-am pus totu\u015fi \u00eentrebarea cum de se apeleaz\u0103 la case memoriale care nu sunt \u00eenc\u0103 deschise pentru a fi vizitate? Din p\u0103cate, r\u0103spunsul pe care l-am g\u0103sit a fost unul foarte trist. Clujul, pe ale c\u0103rui trotuare au p\u0103\u015fit de-a lungul timpului at\u00e2tea personalit\u0103\u0163i, nu are case memoriale! Doar c\u00e2teva excep\u0163ii la regul\u0103, casa memorial\u0103 a Regelui Matei Corvin \u015fi casa memorial\u0103 Sigismund Todu\u0163\u0103. \u015ei c\u00e2teva pl\u0103ci comemorative pe frontispiciul unor imobile&#8230; Unde sunt casele memoriale ale lui Blaga, Lapedatu, Ag\u00e2rbiceanu \u015fi mul\u0163i al\u0163ii care au locuit \u00een Cluj?<\/p>\n\n\n\n<p>De ce \u00eent\u00e2lnim prin Cimitirul Central al Clujului doar grupuri de elevi din Ungaria \u00eempreun\u0103 cu profesorii lor av\u00e2nd \u00een m\u00e2ini h\u0103r\u0163i ale cimitirului cu locul mormintelor personalit\u0103tilor maghiare \u00eengropate aici? Cinste lor! Dar c\u00e2\u0163i profesori clujeni le-au spus elevilor c\u0103 aici sunt \u00eengropa\u0163i Ion Ag\u00e2rbiceanu, Emil Racovi\u0163\u0103, Constantin Daicoviciu, Iuliu Ha\u0163ieganu, Emil Isac, Gheorghe Dima \u015fi mul\u0163i al\u0163ii? Sau c\u00e2\u0163i dintre ei \u015fi-au luat elevii, dup\u0103 ce le-au vorbit la ore despre Racovi\u0163\u0103 sau Ag\u00e2rbiceanu, \u015fi i-au \u00eenso\u0163it la mormintele lor pentru a le pune c\u00e2te o floare? De ce nu pot fi cump\u0103rate, la intrarea \u00een cimitir h\u0103r\u0163i ale acestuia, pe care s\u0103 fie eviden\u0163iate mormintele unor personalit\u0103\u0163i?<\/p>\n\n\n\n<p>Aceasta mic\u0103, dar binevenit\u0103 \u00eentrerupere mi-a \u00eent\u0103rit convingerea c\u0103 ceea ce doresc s\u0103 \u00eentreprind este bine-venit \u00een spa\u0163iul muzeal Clujean. Nu doar memoria mamei mele trebuie p\u0103strat\u0103 vie!<\/p>\n\n\n\n<p>\u0162in\u00e2nd cont de acestea, prin intermediul <strong>Funda\u0163iei Doina Cornea<\/strong> vom \u00eentreprinde toate demersurile necesare pentru ca \u00een Cluj s\u0103 existe <strong>Memorialul Doina Cornea \u2013 Memorial al Rezisten\u0163ei \u00cempotriva Comunismului<\/strong>, compus din <strong>Casa Memorial\u0103 Doina Cornea<\/strong>, <strong>Muzeul de pictur\u0103 Doina Cornea<\/strong> \u015fi <strong>Muzeul Victimelor Comunismului<\/strong>.<\/p>\n\n\n\n<p>Oare nu merit\u0103 Clujul un astfel de memorial? Dac\u0103 r\u0103spunsul este da, sunt sigur c\u0103 to\u0163i \u00eempreun\u0103 \u2013 autorit\u0103\u0163i locale, societ\u0103\u0163i comerciale, asocia\u0163ii \u015fi funda\u0163ii, locuitori ai Clujului \u2013 \u00eel vom realiza!<\/p>\n\n\n\n<p>Cluj, la 15 octombrie 2020<\/p>\n\n\n\n<p><strong>Leontin H. Iuhas<\/strong><\/p>","protected":false},"excerpt":{"rendered":"<p>De la plecarea mamei mele, Doina Cornea, mi-am canalizat toate energiile \u00eenspre a aduce sau, mai bine spus, a re-aduce memoria ei la suprafa\u0163\u0103. Mi-am dat cur\u00e2nd seama, cu triste\u0163e, c\u0103, de fapt, ea nu mai exist\u0103 pentru o mare parte a rom\u00e2nilor. A\u015fa cum, de altfel, au fost da\u0163i uit\u0103rii cei mai mul\u0163i dintre [&hellip;]<\/p>\n","protected":false},"author":1,"featured_media":3807,"comment_status":"open","ping_status":"open","sticky":false,"template":"","format":"standard","meta":[],"categories":[27,1],"tags":[],"builder_content":"","_links":{"self":[{"href":"https:\/\/editura-doinacornea.ro\/index.php\/wp-json\/wp\/v2\/posts\/3805"}],"collection":[{"href":"https:\/\/editura-doinacornea.ro\/index.php\/wp-json\/wp\/v2\/posts"}],"about":[{"href":"https:\/\/editura-doinacornea.ro\/index.php\/wp-json\/wp\/v2\/types\/post"}],"author":[{"embeddable":true,"href":"https:\/\/editura-doinacornea.ro\/index.php\/wp-json\/wp\/v2\/users\/1"}],"replies":[{"embeddable":true,"href":"https:\/\/editura-doinacornea.ro\/index.php\/wp-json\/wp\/v2\/comments?post=3805"}],"version-history":[{"count":1,"href":"https:\/\/editura-doinacornea.ro\/index.php\/wp-json\/wp\/v2\/posts\/3805\/revisions"}],"predecessor-version":[{"id":3806,"href":"https:\/\/editura-doinacornea.ro\/index.php\/wp-json\/wp\/v2\/posts\/3805\/revisions\/3806"}],"wp:featuredmedia":[{"embeddable":true,"href":"https:\/\/editura-doinacornea.ro\/index.php\/wp-json\/wp\/v2\/media\/3807"}],"wp:attachment":[{"href":"https:\/\/editura-doinacornea.ro\/index.php\/wp-json\/wp\/v2\/media?parent=3805"}],"wp:term":[{"taxonomy":"category","embeddable":true,"href":"https:\/\/editura-doinacornea.ro\/index.php\/wp-json\/wp\/v2\/categories?post=3805"},{"taxonomy":"post_tag","embeddable":true,"href":"https:\/\/editura-doinacornea.ro\/index.php\/wp-json\/wp\/v2\/tags?post=3805"}],"curies":[{"name":"wp","href":"https:\/\/api.w.org\/{rel}","templated":true}]}}