{"id":3855,"date":"2020-11-16T14:34:04","date_gmt":"2020-11-16T14:34:04","guid":{"rendered":"https:\/\/editura-doinacornea.ro\/?p=3855"},"modified":"2020-11-16T14:35:29","modified_gmt":"2020-11-16T14:35:29","slug":"33-leontin-h-iuhas","status":"publish","type":"post","link":"https:\/\/editura-doinacornea.ro\/index.php\/2020\/11\/16\/33-leontin-h-iuhas\/","title":{"rendered":"33 &#8211; Leontin H. Iuhas"},"content":{"rendered":"<!--themify_builder_content-->\n<div id=\"themify_builder_content-3855\" data-postid=\"3855\" class=\"themify_builder_content themify_builder_content-3855 themify_builder tf_clear\">\n    <\/div>\n<!--\/themify_builder_content-->\n\n\n<p>Au trecut 33 de ani de la acel noiembrie plin de speran\u0163\u0103&#8230;<\/p>\n\n\n\n<p>Au trecut 31 de ani de la acel decembrie plin de speran\u0163\u0103&#8230;<\/p>\n\n\n\n<p>Din p\u0103cate, \u015fi spre ru\u015finea noastr\u0103, foarte mul\u0163i din tinerii c\u0103rora le poveste\u015fti despre noiembrie 1987 te \u00eentreab\u0103 \u201eDar ce a fost atunci?\u201f Dac\u0103 ai cumva curiozitatea s\u0103-i \u00eentrebi despre profesorii lor de istorie sau despre manuale \u00ee\u0163i r\u0103spund, unii cu non\u015falan\u0163\u0103, al\u0163ii \u2013 e drept \u2013 cu triste\u0163e c\u0103 istoria, \u00een \u015fcolile lor s-a cam terminat cu al doilea r\u0103zboi mondial&#8230; Deci acum aproape un secol!<\/p>\n\n\n\n<p>Dar nu doar \u00een manuale sunt uita\u0163i bravii muncitori bra\u015foveni. \u015ei nu doar ei. Sunt uita\u0163i, c\u0103 e mai comod s\u0103 fie uita\u0163i, \u00eempreun\u0103 cu cei ce au participat la greva din Valea Jiului din 1977, \u00eempreun\u0103 cu Vasile Paraschiv, cu Radu Filipescu, cu sindicatul liber (\u015fi clandestin \u2013 bine \u00een\u0163eles) SLOMR, cu Iulius Filip \u015fi cu mul\u0163i al\u0163ii. Cu cei care au luptat \u00eempotriva comunismului cu arma \u00een m\u00e2n\u0103, prin mun\u0163i, h\u0103itui\u0163i de trupele de securitate. Omor\u00e2\u0163i \u015fi \u00eengropa\u0163i f\u0103r\u0103 cruci, prin r\u00e2pi de nimeni \u015ftiute. Cu cei care \u015fi-au pierdut via\u0163a prin \u00eenchisori \u015fi lag\u0103re de exterminare comuniste.<\/p>\n\n\n\n<p>\u00cen schimb, se pare c\u0103 nu sunt uita\u0163i tor\u0163ionarii. \u00cen ultimii treizeci de ani, ca recompens\u0103 pentru crimele \u015fi atrocit\u0103\u0163ile comise, au primit recompense, onoruri militare, au fost avansa\u0163i \u00een grad, au fost f\u0103cu\u0163i generali cu multe stele sau chiar \u015fefi de parchete.<\/p>\n\n\n\n<p>Aud acum c\u0103 \u015fi domnul colonel Gocan, cel care o supraveghease \u015fi anchetase \u00een repetate r\u00e2nduri pe mama, pe c\u00e2nd aceasta mai era cadru didactic la Universitatea din Cluj, a fost \u00eenmorm\u00e2ntat cu onoruri militare \u015fi salve de tun. Bine\u00een\u0163eles, s-a respectat o decizie dat\u0103 de un general cu multe stele, fost Ministru de Interne, domnul Gabriel Oprea, care permitea ca fo\u015ftii ofi\u0163eri de securitate s\u0103 fie \u00eenmorm\u00e2nta\u0163i cu onoruri militare.<\/p>\n\n\n\n<p>Poate ar trebui revizuite gradele \u00eenalte ale Ordinului Steaua Rom\u00e2niei: \u00een afar\u0103 de Mare Ofi\u0163er \u015fi Mare Cruce ar trebui ad\u0103ugat \u015fi Mare Tor\u0163ionar!<\/p>\n\n\n\n<p>Cel care a dezv\u0103luit public situa\u0163ia \u00een care domnul colonel (al Securit\u0103\u0163ii comuniste) Gocan a fost \u00eenmorm\u00e2ntat cu onoruri militare a fost Mihai Demetriade, consilier superior la Consiliul Na\u0163ional pentru Studierea Arhivelor Securit\u0103\u0163ii.<\/p>\n\n\n\n<p>&#8220;Jandarmeria rom\u00e2n\u0103, una din cele mai pu\u0163in reformate institu\u0163ii din Rom\u00e2nia, recidiveaz\u0103 pe c\u00e2mpul, at\u00e2t de prost \u00een\u0163eles, al memoriei \u015fi legitimit\u0103\u0163ii institu\u0163ionale. \u00cen Cluj, ieri, a fost \u00eenmorm\u00e2ntat un fost ofi\u0163er de securitate, condamnat definitiv \u00eentr-un proces cu CNSAS pentru \u00eenc\u0103lcarea drepturilor \u015fi libert\u0103\u0163ilor fundamentale. Este vorba de colonelul Ioan D. Gocan (n. 25.02.1932 \u2013 sat \u015eardu, comuna S\u00eenpaul, Cluj, decedat pe 3 noiembrie a.c.), numit \u00een colectivul de conducere al Inspectoratului de securitate jude\u0163ean Cluj \u00eenc\u0103 din 18 februarie 1968. Omul era maior atunci, fiind numit \u015feful Sec\u0163iei III (Contraspionaj) la Securitatea municipiului Cluj. Devine lt. col. \u00een iulie 1972, ocup\u00e2nd func\u0163ia de adjunct \u015fef Serviciu Contraspionaj. A tot activat pe aceea\u015fi linie, contraspionajul, dar pentru c\u0103 urmase \u015fi un curs de cercet\u0103ri penale, avea atribu\u0163ii \u015fi pe linia asta. Era, cu alte cuvinte, \u015fi anchetator. Ultimul grad \u00een Securitate a fost cel de colonel, lucr\u00e2nd pe aceea\u015fi linie, Serviciul 3 \u2013 Contraspionaj. Implicat \u00een multe cazuri de urm\u0103rire prin DUI a diverselor voci protestatare sau dizidente, cazul cel mai cunoscut fiind obiectivul \u2018Diana\u2019 (Doina Cornea)&#8221;, a precizat Demetriade, pe pagina sa de Facebook.<\/p>\n\n\n\n<p>Mai mult, consilierul a prezentat un pasaj din ceea ce scria, \u00een 1984, fostul colonel despre opozanta anticomunist\u0103 Doina Cornea:<\/p>\n\n\n\n<p>&#8220;Av\u00e2nd concep\u0163ii politico-filozofice str\u0103ine ideologiei noastre, sub influen\u0163a leg\u0103turilor cu cet\u0103\u0163enii str\u0103ini men\u0163iona\u0163i, C.[ornea] D.[oina] a trecut \u015fi \u00een ultima perioad\u0103 \u00een mod deschis la ac\u0163iuni denigratoare \u015fi ostile regimului nostru, exercit\u00e2nd influen\u0163\u0103 negativ\u0103 \u00eendeosebi asupra studen\u0163ilor \u015fi \u00een mediul rela\u0163iilor sale mai apropiate. Pentru contracararea \u015fi anihilarea activit\u0103\u0163ilor sale negative, la propunerea noastr\u0103, cu aprobarea Comitetului Jude\u0163ean P.C.R., la 03.02.1982 a fost pus\u0103 \u00een discu\u0163ia colectivului de munc\u0103 &#8211; de c\u0103tre conducerea Universit\u0103\u0163ii. Cu aceast\u0103 ocazie, a adoptat o atitudine de justificare \u015fi minimizare a faptelor, iar ulterior nu a \u00eentreprins nimic pentru a-\u015fi revizui activitatea, \u00een luna august 1982, a scos din \u0163ar\u0103 prin fiica sa, care a fost ca turist\u0103 \u00een Rom\u00e2nia, un material deosebit de du\u015fm\u0103nos \u015fi denigrator la adresa realit\u0103\u0163ilor social-politice din \u0163ara noastr\u0103, ce a fost difuzat de postul de radio \u00abEuropa Liber\u0103\u00bb.&#8221;<\/p>","protected":false},"excerpt":{"rendered":"<p>Au trecut 33 de ani de la acel noiembrie plin de speran\u0163\u0103&#8230; Au trecut 31 de ani de la acel decembrie plin de speran\u0163\u0103&#8230; Din p\u0103cate, \u015fi spre ru\u015finea noastr\u0103, foarte mul\u0163i din tinerii c\u0103rora le poveste\u015fti despre noiembrie 1987 te \u00eentreab\u0103 \u201eDar ce a fost atunci?\u201f Dac\u0103 ai cumva curiozitatea s\u0103-i \u00eentrebi despre profesorii [&hellip;]<\/p>\n","protected":false},"author":1,"featured_media":3856,"comment_status":"open","ping_status":"open","sticky":false,"template":"","format":"standard","meta":[],"categories":[28],"tags":[],"builder_content":"","_links":{"self":[{"href":"https:\/\/editura-doinacornea.ro\/index.php\/wp-json\/wp\/v2\/posts\/3855"}],"collection":[{"href":"https:\/\/editura-doinacornea.ro\/index.php\/wp-json\/wp\/v2\/posts"}],"about":[{"href":"https:\/\/editura-doinacornea.ro\/index.php\/wp-json\/wp\/v2\/types\/post"}],"author":[{"embeddable":true,"href":"https:\/\/editura-doinacornea.ro\/index.php\/wp-json\/wp\/v2\/users\/1"}],"replies":[{"embeddable":true,"href":"https:\/\/editura-doinacornea.ro\/index.php\/wp-json\/wp\/v2\/comments?post=3855"}],"version-history":[{"count":1,"href":"https:\/\/editura-doinacornea.ro\/index.php\/wp-json\/wp\/v2\/posts\/3855\/revisions"}],"predecessor-version":[{"id":3857,"href":"https:\/\/editura-doinacornea.ro\/index.php\/wp-json\/wp\/v2\/posts\/3855\/revisions\/3857"}],"wp:featuredmedia":[{"embeddable":true,"href":"https:\/\/editura-doinacornea.ro\/index.php\/wp-json\/wp\/v2\/media\/3856"}],"wp:attachment":[{"href":"https:\/\/editura-doinacornea.ro\/index.php\/wp-json\/wp\/v2\/media?parent=3855"}],"wp:term":[{"taxonomy":"category","embeddable":true,"href":"https:\/\/editura-doinacornea.ro\/index.php\/wp-json\/wp\/v2\/categories?post=3855"},{"taxonomy":"post_tag","embeddable":true,"href":"https:\/\/editura-doinacornea.ro\/index.php\/wp-json\/wp\/v2\/tags?post=3855"}],"curies":[{"name":"wp","href":"https:\/\/api.w.org\/{rel}","templated":true}]}}