{"id":4111,"date":"2022-05-12T07:57:31","date_gmt":"2022-05-12T07:57:31","guid":{"rendered":"https:\/\/editura-doinacornea.ro\/?p=4111"},"modified":"2022-05-12T07:57:34","modified_gmt":"2022-05-12T07:57:34","slug":"o-noua-campanie-arheologica-pentru-cautarea-si-recuperarea-ramasitelor-pamantesti-ale-detinutilor-politici-morti-in-penitenciarul-din-targu-ocna","status":"publish","type":"post","link":"https:\/\/editura-doinacornea.ro\/index.php\/2022\/05\/12\/o-noua-campanie-arheologica-pentru-cautarea-si-recuperarea-ramasitelor-pamantesti-ale-detinutilor-politici-morti-in-penitenciarul-din-targu-ocna\/","title":{"rendered":"O NOU\u0102 CAMPANIE ARHEOLOGIC\u0102 PENTRU C\u0102UTAREA \u0218I RECUPERAREA R\u0102M\u0102\u0218I\u021aELOR P\u0102M\u00c2NTE\u0218TI ALE DE\u021aINU\u021aILOR POLITICI MOR\u021aI \u00ceN PENITENCIARUL DIN T\u00c2RGU OCNA"},"content":{"rendered":"<!--themify_builder_content-->\n<div id=\"themify_builder_content-4111\" data-postid=\"4111\" class=\"themify_builder_content themify_builder_content-4111 themify_builder tf_clear\">\n    <\/div>\n<!--\/themify_builder_content-->\n\n\n<p><strong>COMUNICAT DE PRES\u0102<\/strong>:<\/p>\n\n\n\n<p><strong>Bucure\u0219ti, 11 mai 2022. Asocia\u021bia Fo\u0219tilor De\u021binu\u021bi Politici \u0219i Victime ale Dictaturii din Rom\u00e2nia (AFDPR) \u00eempreun\u0103 cu Funda\u021bia Doina Cornea \u0219i Muzeul Na\u021bional de Istorie a Transilvaniei din Cluj (MNIT), organizeaz\u0103 \u00een colaborare cu Sec\u021bia Parchetelor Militare din cadrul Parchetului de pe l\u00e2ng\u0103 \u00cenalta Curte de Casa\u021bie \u0219i Justi\u021bie cea de-a \u0219aptea campanie de investiga\u021bii arheologice la T\u00e2rgu Ocna. Ac\u021biunea continu\u0103 c\u0103ut\u0103rile pentru recuperarea \u0219i identificarea r\u0103m\u0103\u015fi\u0163elor p\u0103m\u00e2nte\u015fti ale de\u0163inu\u0163ilor politici deceda\u0163i \u00een penitenciarul din localitate.<\/strong><\/p>\n\n\n\n<p>Cercet\u0103rile vor \u00eencepe \u00een ziua de <strong>16 mai 2022 <\/strong>\u0219i se vor desf\u0103\u0219ura \u00een zona cimitirului parohial aflat l\u00e2ng\u0103 biserica ortodox\u0103 cu hramul <em>Sfin\u021bii \u00cemp\u0103ra\u021bi<\/em>, situat\u0103 l\u00e2ng\u0103 penitenciar. Acestea vor fi efectuate de un colectiv de arheologi, specializat \u00een astfel de interven\u021bii, condus de d-nul Gheorghe Petrov de la Muzeul Na\u021bional de Istorie a Transilvaniei din Cluj. Cazul de\u021binu\u021bilor politici mor\u021bi \u00een acest penitenciar \u0219i a locurilor unde au fost \u00eenhuma\u021bi, face obiectul unui dosar de cercetare penal\u0103 aflat \u00een lucru la Sec\u021bia Militar\u0103 din cadrul Parchetului General. Ac\u0163iunea se desf\u0103\u0219oar\u0103 cu acordul Arhiepiscopiei Romanului \u0219i Bac\u0103ului, fiind sprijinit\u0103 de Prim\u0103ria ora\u0219ului T\u00e2rgu Ocna \u0219i Parohia <em>Sfin\u021bii \u00cemp\u0103ra\u021bi<\/em>. Finan\u021barea activit\u0103\u021bilor este asigurat\u0103 din dona\u021bii particulare prin intermediul Funda\u021biei Doina Cornea.&nbsp;<\/p>\n\n\n\n<p><strong>AFDPR face un apel c\u0103tre acei urma\u0219i ai victimelor decedate \u00een penitenciarul din T\u00e2rgu Ocna, care nu au fost \u00eenc\u0103 identifica\u021bi \u0219i contacta\u021bi, pentru a intra \u00een leg\u0103tur\u0103 direct\u0103 cu responsabilul ac\u021biunii, d-nul Gheorghe Petrov (tel. 0744516108), \u00een vederea \u00eendeplinirii formalit\u0103\u021bilor necesare pentru raportarea acestora c\u0103tre autorit\u0103\u021bile care au \u00een sarcin\u0103 stabilirea identit\u0103\u021bii osemintelor recuperate.<\/strong><\/p>\n\n\n\n<p><strong>Sergiu RIZESCU<\/strong><\/p>\n\n\n\n<p><strong>Pre\u0219edinte al AFDPR<\/strong><\/p>\n\n\n\n<figure class=\"wp-block-image size-large\"><img loading=\"lazy\" width=\"746\" height=\"1024\" src=\"https:\/\/editura-doinacornea.ro\/wp-content\/uploads\/2022\/05\/Screenshot-2022-05-12-at-10.56.31-746x1024.png\" alt=\"\" class=\"wp-image-4113\" srcset=\"https:\/\/editura-doinacornea.ro\/wp-content\/uploads\/2022\/05\/Screenshot-2022-05-12-at-10.56.31-746x1024.png 746w, https:\/\/editura-doinacornea.ro\/wp-content\/uploads\/2022\/05\/Screenshot-2022-05-12-at-10.56.31-218x300.png 218w, https:\/\/editura-doinacornea.ro\/wp-content\/uploads\/2022\/05\/Screenshot-2022-05-12-at-10.56.31-768x1055.png 768w, https:\/\/editura-doinacornea.ro\/wp-content\/uploads\/2022\/05\/Screenshot-2022-05-12-at-10.56.31-600x824.png 600w, https:\/\/editura-doinacornea.ro\/wp-content\/uploads\/2022\/05\/Screenshot-2022-05-12-at-10.56.31.png 1028w\" sizes=\"(max-width: 746px) 100vw, 746px\" \/><\/figure>","protected":false},"excerpt":{"rendered":"<p>COMUNICAT DE PRES\u0102: Bucure\u0219ti, 11 mai 2022. Asocia\u021bia Fo\u0219tilor De\u021binu\u021bi Politici \u0219i Victime ale Dictaturii din Rom\u00e2nia (AFDPR) \u00eempreun\u0103 cu Funda\u021bia Doina Cornea \u0219i Muzeul Na\u021bional de Istorie a Transilvaniei din Cluj (MNIT), organizeaz\u0103 \u00een colaborare cu Sec\u021bia Parchetelor Militare din cadrul Parchetului de pe l\u00e2ng\u0103 \u00cenalta Curte de Casa\u021bie \u0219i Justi\u021bie cea de-a \u0219aptea [&hellip;]<\/p>\n","protected":false},"author":1,"featured_media":4112,"comment_status":"open","ping_status":"open","sticky":false,"template":"","format":"standard","meta":[],"categories":[1],"tags":[],"builder_content":"","_links":{"self":[{"href":"https:\/\/editura-doinacornea.ro\/index.php\/wp-json\/wp\/v2\/posts\/4111"}],"collection":[{"href":"https:\/\/editura-doinacornea.ro\/index.php\/wp-json\/wp\/v2\/posts"}],"about":[{"href":"https:\/\/editura-doinacornea.ro\/index.php\/wp-json\/wp\/v2\/types\/post"}],"author":[{"embeddable":true,"href":"https:\/\/editura-doinacornea.ro\/index.php\/wp-json\/wp\/v2\/users\/1"}],"replies":[{"embeddable":true,"href":"https:\/\/editura-doinacornea.ro\/index.php\/wp-json\/wp\/v2\/comments?post=4111"}],"version-history":[{"count":2,"href":"https:\/\/editura-doinacornea.ro\/index.php\/wp-json\/wp\/v2\/posts\/4111\/revisions"}],"predecessor-version":[{"id":4115,"href":"https:\/\/editura-doinacornea.ro\/index.php\/wp-json\/wp\/v2\/posts\/4111\/revisions\/4115"}],"wp:featuredmedia":[{"embeddable":true,"href":"https:\/\/editura-doinacornea.ro\/index.php\/wp-json\/wp\/v2\/media\/4112"}],"wp:attachment":[{"href":"https:\/\/editura-doinacornea.ro\/index.php\/wp-json\/wp\/v2\/media?parent=4111"}],"wp:term":[{"taxonomy":"category","embeddable":true,"href":"https:\/\/editura-doinacornea.ro\/index.php\/wp-json\/wp\/v2\/categories?post=4111"},{"taxonomy":"post_tag","embeddable":true,"href":"https:\/\/editura-doinacornea.ro\/index.php\/wp-json\/wp\/v2\/tags?post=4111"}],"curies":[{"name":"wp","href":"https:\/\/api.w.org\/{rel}","templated":true}]}}